{"id":3888,"date":"2024-11-10T17:13:00","date_gmt":"2024-11-10T16:13:00","guid":{"rendered":"http:\/\/www.ckis-ziemowit.pl\/?p=3888"},"modified":"2024-12-17T17:20:16","modified_gmt":"2024-12-17T16:20:16","slug":"40-lecie-zespolu-splin","status":"publish","type":"post","link":"https:\/\/www.ckis-ziemowit.pl\/index.php\/2024\/11\/10\/40-lecie-zespolu-splin\/","title":{"rendered":"40-lecie zespo\u0142u Splin"},"content":{"rendered":"\t\t<div data-elementor-type=\"wp-post\" data-elementor-id=\"3888\" class=\"elementor elementor-3888\">\n\t\t\t\t\t\t<section class=\"elementor-section elementor-top-section elementor-element elementor-element-32609ed elementor-section-boxed elementor-section-height-default elementor-section-height-default\" data-id=\"32609ed\" data-element_type=\"section\" data-e-type=\"section\">\n\t\t\t\t\t\t<div class=\"elementor-container elementor-column-gap-default\">\n\t\t\t\t\t<div class=\"elementor-column elementor-col-100 elementor-top-column elementor-element elementor-element-bc56b18\" data-id=\"bc56b18\" data-element_type=\"column\" data-e-type=\"column\">\n\t\t\t<div class=\"elementor-widget-wrap elementor-element-populated\">\n\t\t\t\t\t\t<div class=\"elementor-element elementor-element-d19d827 elementor-widget elementor-widget-text-editor\" data-id=\"d19d827\" data-element_type=\"widget\" data-e-type=\"widget\" data-widget_type=\"text-editor.default\">\n\t\t\t\t<div class=\"elementor-widget-container\">\n\t\t\t\t\t\t\t\t\t<div class=\"xdj266r x11i5rnm xat24cr x1mh8g0r x1vvkbs x126k92a\">\n<div dir=\"auto\" style=\"text-align: center;\">9 listopada w Centrum Kultury i Sportu &#8222;Ziemowit&#8221; w Kruszwicy mia\u0142 miejsce jubileuszowy koncert zespo\u0142u SPLIN, kt\u00f3ry \u015bwi\u0119towa\u0142 40-lecie istnienia.<\/div>\n<\/div>\n<div class=\"x11i5rnm xat24cr x1mh8g0r x1vvkbs xtlvy1s x126k92a\" style=\"text-align: center;\">\n<div dir=\"auto\">To by\u0142 ostatni koncert na deskach &#8222;Ziemowita&#8221; przed rozbudow\u0105 i modernizacj\u0105 obiektu.<\/div>\n<\/div>\n<div class=\"x11i5rnm xat24cr x1mh8g0r x1vvkbs xtlvy1s x126k92a\">\n<div dir=\"auto\" style=\"text-align: center;\">A teraz ju\u017c kruszwicki SPLIN w sztandarowym utworze pt. &#8222;Bia\u0142a dama&#8221;.<\/div>\n<\/div>\t\t\t\t\t\t\t\t<\/div>\n\t\t\t\t<\/div>\n\t\t\t\t<div class=\"elementor-element elementor-element-d79e9d1 elementor-widget elementor-widget-video\" data-id=\"d79e9d1\" data-element_type=\"widget\" data-e-type=\"widget\" data-settings=\"{&quot;youtube_url&quot;:&quot;https:\\\/\\\/youtu.be\\\/HzERjaBrqIY&quot;,&quot;video_type&quot;:&quot;youtube&quot;,&quot;controls&quot;:&quot;yes&quot;}\" data-widget_type=\"video.default\">\n\t\t\t\t<div class=\"elementor-widget-container\">\n\t\t\t\t\t\t\t<div class=\"elementor-wrapper elementor-open-inline\">\n\t\t\t<div class=\"elementor-video\"><\/div>\t\t<\/div>\n\t\t\t\t\t\t<\/div>\n\t\t\t\t<\/div>\n\t\t\t\t<div class=\"elementor-element elementor-element-613ef62 elementor-widget elementor-widget-video\" data-id=\"613ef62\" data-element_type=\"widget\" data-e-type=\"widget\" data-settings=\"{&quot;youtube_url&quot;:&quot;&lt;iframe width=\\&quot;853\\&quot; height=\\&quot;480\\&quot; src=\\&quot;https:\\\/\\\/www.youtube.com\\\/embed\\\/HzERjaBrqIY\\&quot; title=\\&quot;SPLIN - Bia\\u0142a Dama\\&quot; frameborder=\\&quot;0\\&quot; allow=\\&quot;accelerometer; autoplay; clipboard-write; encrypted-media; gyroscope; picture-in-picture; web-share\\&quot; referrerpolicy=\\&quot;strict-origin-when-cross-origin\\&quot; allowfullscreen&gt;&lt;\\\/iframe&gt;&quot;,&quot;video_type&quot;:&quot;youtube&quot;,&quot;controls&quot;:&quot;yes&quot;}\" data-widget_type=\"video.default\">\n\t\t\t\t<div class=\"elementor-widget-container\">\n\t\t\t\t\t\t\t<div class=\"elementor-wrapper elementor-open-inline\">\n\t\t\t<div class=\"elementor-video\"><\/div>\t\t<\/div>\n\t\t\t\t\t\t<\/div>\n\t\t\t\t<\/div>\n\t\t\t\t\t<\/div>\n\t\t<\/div>\n\t\t\t\t\t<\/div>\n\t\t<\/section>\n\t\t\t\t<\/div>\n\t\t","protected":false},"excerpt":{"rendered":"<p>9 listopada w Centrum Kultury i Sportu &#8222;Ziemowit&#8221; w Kruszwicy mia\u0142 miejsce jubileuszowy koncert zespo\u0142u SPLIN, kt\u00f3ry \u015bwi\u0119towa\u0142 40-lecie istnienia. To by\u0142 ostatni koncert na deskach &#8222;Ziemowita&#8221; przed rozbudow\u0105 i modernizacj\u0105 obiektu. A teraz ju\u017c kruszwicki SPLIN w sztandarowym utworze pt. &#8222;Bia\u0142a dama&#8221;.<\/p>\n","protected":false},"author":1,"featured_media":3901,"comment_status":"open","ping_status":"open","sticky":false,"template":"","format":"standard","meta":{"footnotes":""},"categories":[5],"tags":[],"class_list":{"0":"post-3888","1":"post","2":"type-post","3":"status-publish","4":"format-standard","5":"has-post-thumbnail","7":"category-wydarzenia","8":"czr-hentry"},"_links":{"self":[{"href":"https:\/\/www.ckis-ziemowit.pl\/index.php\/wp-json\/wp\/v2\/posts\/3888","targetHints":{"allow":["GET"]}}],"collection":[{"href":"https:\/\/www.ckis-ziemowit.pl\/index.php\/wp-json\/wp\/v2\/posts"}],"about":[{"href":"https:\/\/www.ckis-ziemowit.pl\/index.php\/wp-json\/wp\/v2\/types\/post"}],"author":[{"embeddable":true,"href":"https:\/\/www.ckis-ziemowit.pl\/index.php\/wp-json\/wp\/v2\/users\/1"}],"replies":[{"embeddable":true,"href":"https:\/\/www.ckis-ziemowit.pl\/index.php\/wp-json\/wp\/v2\/comments?post=3888"}],"version-history":[{"count":11,"href":"https:\/\/www.ckis-ziemowit.pl\/index.php\/wp-json\/wp\/v2\/posts\/3888\/revisions"}],"predecessor-version":[{"id":3900,"href":"https:\/\/www.ckis-ziemowit.pl\/index.php\/wp-json\/wp\/v2\/posts\/3888\/revisions\/3900"}],"wp:featuredmedia":[{"embeddable":true,"href":"https:\/\/www.ckis-ziemowit.pl\/index.php\/wp-json\/wp\/v2\/media\/3901"}],"wp:attachment":[{"href":"https:\/\/www.ckis-ziemowit.pl\/index.php\/wp-json\/wp\/v2\/media?parent=3888"}],"wp:term":[{"taxonomy":"category","embeddable":true,"href":"https:\/\/www.ckis-ziemowit.pl\/index.php\/wp-json\/wp\/v2\/categories?post=3888"},{"taxonomy":"post_tag","embeddable":true,"href":"https:\/\/www.ckis-ziemowit.pl\/index.php\/wp-json\/wp\/v2\/tags?post=3888"}],"curies":[{"name":"wp","href":"https:\/\/api.w.org\/{rel}","templated":true}]}}