{"id":4384,"date":"2026-02-17T17:31:00","date_gmt":"2026-02-17T16:31:00","guid":{"rendered":"https:\/\/www.ckis-ziemowit.pl\/?p=4384"},"modified":"2026-03-07T17:37:05","modified_gmt":"2026-03-07T16:37:05","slug":"aktywny-senior","status":"publish","type":"post","link":"https:\/\/www.ckis-ziemowit.pl\/index.php\/2026\/02\/17\/aktywny-senior\/","title":{"rendered":"Aktywny Senior"},"content":{"rendered":"\n\n\n<div class=\"x14z9mp xat24cr x1lziwak x1vvkbs xtlvy1s x126k92a\">\n<div dir=\"auto\">W lutym 2026 roku Centrum Kultury i Sportu \u201eZiemowit\u201d organizowa\u0142o muzyczne spotkania<\/div>\n<div dir=\"auto\">w ramach programu Aktywny senior.<\/div>\n<div dir=\"auto\">Podczas tych karnawa\u0142owych spotka\u0144 wyst\u0119powali instruktorzy CKiS Ziemowit \u2013 Iwona Jasi\u0144ska i Irek Ko\u0142odziej. Seniorzy bawili si\u0119 w Ostrowie, Che\u0142mcach, Kobylnikach, Polanowicach i Janowicach.<\/div>\n<\/div>\n<div class=\"x14z9mp xat24cr x1lziwak x1vvkbs xtlvy1s x126k92a\">\n<div dir=\"auto\">Tekst i fot. <span class=\"html-span xdj266r x14z9mp xat24cr x1lziwak xexx8yu xyri2b x18d9i69 x1c1uobl x1hl2dhg x16tdsg8 x1vvkbs\"><a class=\"x1i10hfl xjbqb8w x1ejq31n x18oe1m7 x1sy0etr xstzfhl x972fbf x10w94by x1qhh985 x14e42zd x9f619 x1ypdohk xt0psk2 x3ct3a4 xdj266r x14z9mp xat24cr x1lziwak xexx8yu xyri2b x18d9i69 x1c1uobl x16tdsg8 x1hl2dhg xggy1nq x1a2a7pz xkrqix3 x1sur9pj x1fey0fg x1s688f\" tabindex=\"0\" role=\"link\" href=\"https:\/\/www.facebook.com\/ckis.Ziemowit?__cft__[0]=AZbUDT748FnMpdebU3XJOqyxFOZTBVrHxM2_ELiOML8VpBG-uh9PwUS9W5z6WWuhjhGxT1WZ_CthI9WoHtoQodQD-TS_ck_B1yK2O1E2Wvmqd1XUYkzxwIL6AXnpHN51ZAelbE8_tUYeDahjVS5MKT3g1INbpVKU2EvFXshD77_c_mwcDqctY4cPVNxDccvlBo07CNGhwkkOf0kYIdNhRtnA&amp;__tn__=-]K-R\"><span class=\"xt0psk2\"><span class=\"xjp7ctv\">CKiS &#8222;Ziemowit&#8221;<\/span><\/span><\/a><\/span><\/div>\n<\/div>\n\n\n\n<p class=\"has-text-align-center\"><!-- Final Tiles Grid Gallery for WordPress v3.6.13 free --><style>#ftg-2929 .tile .icon { color:#ffffff; }#ftg-2929 .ftg-items .loading-bar i { background:#666; }#ftg-2929 .ftg-items .loading-bar { background:#fff; }#ftg-2929 .tile .icon { font-size:12px; }#ftg-2929 .tile .icon { margin: -6px 0 0 -6px; }#ftg-2929 .tile .caption-block .text-wrapper span.text { font-size:12px; }#ftg-2929 .tile .caption-outside .text-wrapper span.text { font-size:12px; }#ftg-2929 .tile .caption-block .text-wrapper span.title { font-size:14px; }#ftg-2929 .tile .caption-outside .text-wrapper span.title { font-size:14px; }#ftg-2929 .tile { background-color: transparent; }#ftg-2929 .tile .caption-block .text-wrapper span.text { color: #ffffff; }#ftg-2929 .tile .caption-block .text-wrapper span.title { color: #ffffff; }#ftg-2929 .tile .caption-outside .text-wrapper span.text { color: #ffffff; }#ftg-2929 .tile .caption-outside .text-wrapper span.title { color: #ffffff; }#ftg-2929 .tile .ftg-social a { color: #ffffff; }#ftg-2929 .tile .caption-block { transition-timing-function:linear; }#ftg-2929 .tile .caption-block { transition-duration:0.25s; }#ftg-2929 .tile .tile-inner:before { background-color: #000000; }#ftg-2929 .tile .tile-inner:before { background-color: rgba(0, 0, 0, 0.8); }<\/style><a name=\"29\"><\/a><div class=\"final-tiles-gallery  ftg-hover-enabled caption-inside  caption-none caption-middle caption-center\" id=\"ftg-2929\" style=\"width: 100%\"><div class='ftg-items'><div class='loading-bar'><i><\/i><\/div><div  class='tile ftg-preload  '><a title=\"\" data-lightbox='ftg-2929' rel='ftg-2929'  class=' tile-inner  ftg-lightbox' href='https:\/\/www.ckis-ziemowit.pl\/wp-content\/uploads\/2026\/03\/aktywny-senior-12-1024x768.jpg' ><img alt='Zdj\u0119cie przedstawiaj\u0105ce taneczne spotkania karnawa\u0142owe organizowane przez CKiS \u201eZiemowit\u201d w ramach programu \u201eAktywny Senior\u201d' class='item skip-lazy' data-class='item' data-ftg-source='https:\/\/www.ckis-ziemowit.pl\/wp-content\/uploads\/2026\/03\/aktywny-senior-12-1024x768.jpg' src='https:\/\/www.ckis-ziemowit.pl\/wp-content\/uploads\/2026\/03\/aktywny-senior-12-1024x768.jpg' width='1024' height='768' \/><span class='icon fa fa-zoom'><\/span><div class='caption-block'><div class='text-wrapper'><\/div><\/div><\/a><div class='ftg-social'><\/div><\/div><div  class='tile ftg-preload  '><a title=\"\" data-lightbox='ftg-2929' rel='ftg-2929'  class=' tile-inner  ftg-lightbox' href='https:\/\/www.ckis-ziemowit.pl\/wp-content\/uploads\/2026\/03\/aktywny-senior-11-1024x791.jpg' ><img alt='Zdj\u0119cie przedstawiaj\u0105ce taneczne spotkania karnawa\u0142owe organizowane przez CKiS \u201eZiemowit\u201d w ramach programu \u201eAktywny Senior\u201d' class='item skip-lazy' data-class='item' data-ftg-source='https:\/\/www.ckis-ziemowit.pl\/wp-content\/uploads\/2026\/03\/aktywny-senior-11-1024x791.jpg' src='https:\/\/www.ckis-ziemowit.pl\/wp-content\/uploads\/2026\/03\/aktywny-senior-11-1024x791.jpg' width='1024' height='791' \/><span class='icon fa fa-zoom'><\/span><div class='caption-block'><div class='text-wrapper'><\/div><\/div><\/a><div class='ftg-social'><\/div><\/div><div  class='tile ftg-preload  '><a title=\"\" data-lightbox='ftg-2929' rel='ftg-2929'  class=' tile-inner  ftg-lightbox' href='https:\/\/www.ckis-ziemowit.pl\/wp-content\/uploads\/2026\/03\/aktywny-senior-10-1024x768.jpg' ><img alt='Zdj\u0119cie przedstawiaj\u0105ce taneczne spotkania karnawa\u0142owe organizowane przez CKiS \u201eZiemowit\u201d w ramach programu \u201eAktywny Senior\u201d' class='item skip-lazy' data-class='item' data-ftg-source='https:\/\/www.ckis-ziemowit.pl\/wp-content\/uploads\/2026\/03\/aktywny-senior-10-1024x768.jpg' src='https:\/\/www.ckis-ziemowit.pl\/wp-content\/uploads\/2026\/03\/aktywny-senior-10-1024x768.jpg' width='1024' height='768' \/><span class='icon fa fa-zoom'><\/span><div class='caption-block'><div class='text-wrapper'><\/div><\/div><\/a><div class='ftg-social'><\/div><\/div><div  class='tile ftg-preload  '><a title=\"\" data-lightbox='ftg-2929' rel='ftg-2929'  class=' tile-inner  ftg-lightbox' href='https:\/\/www.ckis-ziemowit.pl\/wp-content\/uploads\/2026\/03\/aktywny-senior-8-1024x796.jpg' ><img alt='Zdj\u0119cie przedstawiaj\u0105ce taneczne spotkania karnawa\u0142owe organizowane przez CKiS \u201eZiemowit\u201d w ramach programu \u201eAktywny Senior\u201d' class='item skip-lazy' data-class='item' data-ftg-source='https:\/\/www.ckis-ziemowit.pl\/wp-content\/uploads\/2026\/03\/aktywny-senior-8-1024x796.jpg' src='https:\/\/www.ckis-ziemowit.pl\/wp-content\/uploads\/2026\/03\/aktywny-senior-8-1024x796.jpg' width='1024' height='796' \/><span class='icon fa fa-zoom'><\/span><div class='caption-block'><div class='text-wrapper'><\/div><\/div><\/a><div class='ftg-social'><\/div><\/div><div  class='tile ftg-preload  '><a title=\"\" data-lightbox='ftg-2929' rel='ftg-2929'  class=' tile-inner  ftg-lightbox' href='https:\/\/www.ckis-ziemowit.pl\/wp-content\/uploads\/2026\/03\/aktywny-senior-7-1024x767.jpg' ><img alt='Zdj\u0119cie przedstawiaj\u0105ce taneczne spotkania karnawa\u0142owe organizowane przez CKiS \u201eZiemowit\u201d w ramach programu \u201eAktywny Senior\u201d' class='item skip-lazy' data-class='item' data-ftg-source='https:\/\/www.ckis-ziemowit.pl\/wp-content\/uploads\/2026\/03\/aktywny-senior-7-1024x767.jpg' src='https:\/\/www.ckis-ziemowit.pl\/wp-content\/uploads\/2026\/03\/aktywny-senior-7-1024x767.jpg' width='1024' height='767' \/><span class='icon fa fa-zoom'><\/span><div class='caption-block'><div class='text-wrapper'><\/div><\/div><\/a><div class='ftg-social'><\/div><\/div><div  class='tile ftg-preload  '><a title=\"\" data-lightbox='ftg-2929' rel='ftg-2929'  class=' tile-inner  ftg-lightbox' href='https:\/\/www.ckis-ziemowit.pl\/wp-content\/uploads\/2026\/03\/aktywny-senior-6-1024x748.jpg' ><img alt='Zdj\u0119cie przedstawiaj\u0105ce taneczne spotkania karnawa\u0142owe organizowane przez CKiS \u201eZiemowit\u201d w ramach programu \u201eAktywny Senior\u201d' class='item skip-lazy' data-class='item' data-ftg-source='https:\/\/www.ckis-ziemowit.pl\/wp-content\/uploads\/2026\/03\/aktywny-senior-6-1024x748.jpg' src='https:\/\/www.ckis-ziemowit.pl\/wp-content\/uploads\/2026\/03\/aktywny-senior-6-1024x748.jpg' width='1024' height='748' \/><span class='icon fa fa-zoom'><\/span><div class='caption-block'><div class='text-wrapper'><\/div><\/div><\/a><div class='ftg-social'><\/div><\/div><div  class='tile ftg-preload  '><a title=\"\" data-lightbox='ftg-2929' rel='ftg-2929'  class=' tile-inner  ftg-lightbox' href='https:\/\/www.ckis-ziemowit.pl\/wp-content\/uploads\/2026\/03\/aktywny-senior-5-1024x768.jpg' ><img alt='Zdj\u0119cie przedstawiaj\u0105ce taneczne spotkania karnawa\u0142owe organizowane przez CKiS \u201eZiemowit\u201d w ramach programu \u201eAktywny Senior\u201d' class='item skip-lazy' data-class='item' data-ftg-source='https:\/\/www.ckis-ziemowit.pl\/wp-content\/uploads\/2026\/03\/aktywny-senior-5-1024x768.jpg' src='https:\/\/www.ckis-ziemowit.pl\/wp-content\/uploads\/2026\/03\/aktywny-senior-5-1024x768.jpg' width='1024' height='768' \/><span class='icon fa fa-zoom'><\/span><div class='caption-block'><div class='text-wrapper'><\/div><\/div><\/a><div class='ftg-social'><\/div><\/div><div  class='tile ftg-preload  '><a title=\"\" data-lightbox='ftg-2929' rel='ftg-2929'  class=' tile-inner  ftg-lightbox' href='https:\/\/www.ckis-ziemowit.pl\/wp-content\/uploads\/2026\/03\/aktywny-senior-4-1024x749.jpg' ><img alt='Zdj\u0119cie przedstawiaj\u0105ce taneczne spotkania karnawa\u0142owe organizowane przez CKiS \u201eZiemowit\u201d w ramach programu \u201eAktywny Senior\u201d' class='item skip-lazy' data-class='item' data-ftg-source='https:\/\/www.ckis-ziemowit.pl\/wp-content\/uploads\/2026\/03\/aktywny-senior-4-1024x749.jpg' src='https:\/\/www.ckis-ziemowit.pl\/wp-content\/uploads\/2026\/03\/aktywny-senior-4-1024x749.jpg' width='1024' height='749' \/><span class='icon fa fa-zoom'><\/span><div class='caption-block'><div class='text-wrapper'><\/div><\/div><\/a><div class='ftg-social'><\/div><\/div><div  class='tile ftg-preload  '><a title=\"\" data-lightbox='ftg-2929' rel='ftg-2929'  class=' tile-inner  ftg-lightbox' href='https:\/\/www.ckis-ziemowit.pl\/wp-content\/uploads\/2026\/03\/aktywny-senior-3-1024x743.jpg' ><img alt='Zdj\u0119cie przedstawiaj\u0105ce taneczne spotkania karnawa\u0142owe organizowane przez CKiS \u201eZiemowit\u201d w ramach programu \u201eAktywny Senior\u201d' class='item skip-lazy' data-class='item' data-ftg-source='https:\/\/www.ckis-ziemowit.pl\/wp-content\/uploads\/2026\/03\/aktywny-senior-3-1024x743.jpg' src='https:\/\/www.ckis-ziemowit.pl\/wp-content\/uploads\/2026\/03\/aktywny-senior-3-1024x743.jpg' width='1024' height='743' \/><span class='icon fa fa-zoom'><\/span><div class='caption-block'><div class='text-wrapper'><\/div><\/div><\/a><div class='ftg-social'><\/div><\/div><div  class='tile ftg-preload  '><a title=\"\" data-lightbox='ftg-2929' rel='ftg-2929'  class=' tile-inner  ftg-lightbox' href='https:\/\/www.ckis-ziemowit.pl\/wp-content\/uploads\/2026\/03\/aktywny-senior-2-1024x768.jpg' ><img alt='Zdj\u0119cie przedstawiaj\u0105ce taneczne spotkania karnawa\u0142owe organizowane przez CKiS \u201eZiemowit\u201d w ramach programu \u201eAktywny Senior\u201d' class='item skip-lazy' data-class='item' data-ftg-source='https:\/\/www.ckis-ziemowit.pl\/wp-content\/uploads\/2026\/03\/aktywny-senior-2-1024x768.jpg' src='https:\/\/www.ckis-ziemowit.pl\/wp-content\/uploads\/2026\/03\/aktywny-senior-2-1024x768.jpg' width='1024' height='768' \/><span class='icon fa fa-zoom'><\/span><div class='caption-block'><div class='text-wrapper'><\/div><\/div><\/a><div class='ftg-social'><\/div><\/div><div  class='tile ftg-preload  '><a title=\"\" data-lightbox='ftg-2929' rel='ftg-2929'  class=' tile-inner  ftg-lightbox' href='https:\/\/www.ckis-ziemowit.pl\/wp-content\/uploads\/2026\/03\/aktywny-senior-1-1024x728.jpg' ><img alt='Zdj\u0119cie przedstawiaj\u0105ce taneczne spotkania karnawa\u0142owe organizowane przez CKiS \u201eZiemowit\u201d w ramach programu \u201eAktywny Senior\u201d' class='item skip-lazy' data-class='item' data-ftg-source='https:\/\/www.ckis-ziemowit.pl\/wp-content\/uploads\/2026\/03\/aktywny-senior-1-1024x728.jpg' src='https:\/\/www.ckis-ziemowit.pl\/wp-content\/uploads\/2026\/03\/aktywny-senior-1-1024x728.jpg' width='1024' height='728' \/><span class='icon fa fa-zoom'><\/span><div class='caption-block'><div class='text-wrapper'><\/div><\/div><\/a><div class='ftg-social'><\/div><\/div><\/div><\/div><\/p>\n","protected":false},"excerpt":{"rendered":"<p>W lutym 2026 roku Centrum Kultury i Sportu \u201eZiemowit\u201d organizowa\u0142o muzyczne spotkania w ramach programu Aktywny senior. Podczas tych karnawa\u0142owych spotka\u0144 wyst\u0119powali instruktorzy CKiS Ziemowit \u2013 Iwona Jasi\u0144ska i Irek Ko\u0142odziej. Seniorzy bawili si\u0119 w Ostrowie, Che\u0142mcach, Kobylnikach, Polanowicach i Janowicach. Tekst i fot. CKiS &#8222;Ziemowit&#8221;<\/p>\n","protected":false},"author":1,"featured_media":4390,"comment_status":"open","ping_status":"open","sticky":false,"template":"","format":"standard","meta":{"footnotes":""},"categories":[5],"tags":[],"class_list":{"0":"post-4384","1":"post","2":"type-post","3":"status-publish","4":"format-standard","5":"has-post-thumbnail","7":"category-wydarzenia","8":"czr-hentry"},"_links":{"self":[{"href":"https:\/\/www.ckis-ziemowit.pl\/index.php\/wp-json\/wp\/v2\/posts\/4384","targetHints":{"allow":["GET"]}}],"collection":[{"href":"https:\/\/www.ckis-ziemowit.pl\/index.php\/wp-json\/wp\/v2\/posts"}],"about":[{"href":"https:\/\/www.ckis-ziemowit.pl\/index.php\/wp-json\/wp\/v2\/types\/post"}],"author":[{"embeddable":true,"href":"https:\/\/www.ckis-ziemowit.pl\/index.php\/wp-json\/wp\/v2\/users\/1"}],"replies":[{"embeddable":true,"href":"https:\/\/www.ckis-ziemowit.pl\/index.php\/wp-json\/wp\/v2\/comments?post=4384"}],"version-history":[{"count":1,"href":"https:\/\/www.ckis-ziemowit.pl\/index.php\/wp-json\/wp\/v2\/posts\/4384\/revisions"}],"predecessor-version":[{"id":4397,"href":"https:\/\/www.ckis-ziemowit.pl\/index.php\/wp-json\/wp\/v2\/posts\/4384\/revisions\/4397"}],"wp:featuredmedia":[{"embeddable":true,"href":"https:\/\/www.ckis-ziemowit.pl\/index.php\/wp-json\/wp\/v2\/media\/4390"}],"wp:attachment":[{"href":"https:\/\/www.ckis-ziemowit.pl\/index.php\/wp-json\/wp\/v2\/media?parent=4384"}],"wp:term":[{"taxonomy":"category","embeddable":true,"href":"https:\/\/www.ckis-ziemowit.pl\/index.php\/wp-json\/wp\/v2\/categories?post=4384"},{"taxonomy":"post_tag","embeddable":true,"href":"https:\/\/www.ckis-ziemowit.pl\/index.php\/wp-json\/wp\/v2\/tags?post=4384"}],"curies":[{"name":"wp","href":"https:\/\/api.w.org\/{rel}","templated":true}]}}