{"id":4401,"date":"2026-03-01T17:40:59","date_gmt":"2026-03-01T16:40:59","guid":{"rendered":"https:\/\/www.ckis-ziemowit.pl\/?p=4401"},"modified":"2026-03-07T17:46:16","modified_gmt":"2026-03-07T16:46:16","slug":"zakonczenie-kruszwickiej-ligi-pilki-halowej","status":"publish","type":"post","link":"https:\/\/www.ckis-ziemowit.pl\/index.php\/2026\/03\/01\/zakonczenie-kruszwickiej-ligi-pilki-halowej\/","title":{"rendered":"Zako\u0144czenie Kruszwickiej Ligi Pi\u0142ki Halowej"},"content":{"rendered":"\n<p>Na hali sportowej na Zagoplu odby\u0142o si\u0119 uroczyste wr\u0119czenie puchar\u00f3w dla dru\u017cyn oraz nagr\u00f3d indywidualnych dla wyr\u00f3\u017cniaj\u0105cych si\u0119 zawodnik\u00f3w. W Lidze uczestniczy\u0142o 184 zawodnik\u00f3w graj\u0105cych w 11-tu dru\u017cynach (o dwie wi\u0119cej ni\u017c w poprzednim sezonie),<br \/>&#x1f947; Mistrzem ligi zostali Obro\u0144cy Tytu\u0142u.<br \/>&#x1f948; Drugie miejsce zaj\u0119\u0142a dru\u017cyna Fabryki Wag Kalisto.<br \/>&#x1f949; Na trzecim miejscu uplasowa\u0142 si\u0119 zesp\u00f3\u0142 Smakoszy.<br \/>Ponadto najlepszym strzelcem Ligi zosta\u0142 Patryk Go\u0142dyn (Obro\u0144cy Tytu\u0142u), najlepszym bramkarzem \u2013 Piotr Sypniewski (Obro\u0144cy Tytu\u0142u), dru\u017cyn\u0105 najbardziej graj\u0105c\u0105 fair play by\u0142 zesp\u00f3\u0142 Laga Bonito, a najlepszym pi\u0142karzem tej edycji by\u0142 Mateusz Drzazgowski (Smakosze) &#8211; https:\/\/lph-kruszwica.pl\/.<br \/>Gratulujemy wszystkim dru\u017cynom ambitnej postawy i sportowego ducha rywalizacji.<\/p>\n\n\n\n<p class=\"has-text-align-center\"><!-- Final Tiles Grid Gallery for WordPress v3.6.13 free --><style>#ftg-3030 .tile .icon { color:#ffffff; }#ftg-3030 .ftg-items .loading-bar i { background:#666; }#ftg-3030 .ftg-items .loading-bar { background:#fff; }#ftg-3030 .tile .icon { font-size:12px; }#ftg-3030 .tile .icon { margin: -6px 0 0 -6px; }#ftg-3030 .tile .caption-block .text-wrapper span.text { font-size:12px; }#ftg-3030 .tile .caption-outside .text-wrapper span.text { font-size:12px; }#ftg-3030 .tile .caption-block .text-wrapper span.title { font-size:14px; }#ftg-3030 .tile .caption-outside .text-wrapper span.title { font-size:14px; }#ftg-3030 .tile { background-color: transparent; }#ftg-3030 .tile .caption-block .text-wrapper span.text { color: #ffffff; }#ftg-3030 .tile .caption-block .text-wrapper span.title { color: #ffffff; }#ftg-3030 .tile .caption-outside .text-wrapper span.text { color: #ffffff; }#ftg-3030 .tile .caption-outside .text-wrapper span.title { color: #ffffff; }#ftg-3030 .tile .ftg-social a { color: #ffffff; }#ftg-3030 .tile .caption-block { transition-duration:0.25s; }#ftg-3030 .tile .tile-inner:before { background-color: #000000; }#ftg-3030 .tile .tile-inner:before { background-color: rgba(0, 0, 0, 0.8); }#ftg-3030 .tile:hover img {-moz-transform: -moz-rotate(0deg) -moz-scale(0) ;-webkit-transform: -webkit-rotate(0deg) -webkit-scale(0) ;-o-transform: -o-rotate(0deg) -o-scale(0) ;-ms-transform: -ms-rotate(0deg) -ms-scale(0) ;transform: rotate(0deg) scale(0) ;}<\/style><a name=\"30\"><\/a><div class=\"final-tiles-gallery  ftg-hover-enabled caption-inside  caption-none caption-middle caption-center\" id=\"ftg-3030\" style=\"width: 100%\"><div class='ftg-items'><div class='loading-bar'><i><\/i><\/div><div  class='tile ftg-preload  '><a title=\"\" data-lightbox='ftg-3030' rel='ftg-3030'  class=' tile-inner  ftg-lightbox' href='https:\/\/www.ckis-ziemowit.pl\/wp-content\/uploads\/2026\/03\/zakonczenie-klph-21-1024x552.jpg' ><img alt='Zdj\u0119cie przedstawiaj\u0105ce zako\u0144czenie sezonu Kruszwickiej Ligii Pi\u0142ki Halowej' class='item skip-lazy' data-class='item' data-ftg-source='https:\/\/www.ckis-ziemowit.pl\/wp-content\/uploads\/2026\/03\/zakonczenie-klph-21-1024x552.jpg' src='https:\/\/www.ckis-ziemowit.pl\/wp-content\/uploads\/2026\/03\/zakonczenie-klph-21-1024x552.jpg' width='1024' height='552' \/><\/a><div class='ftg-social'><\/div><\/div><div  class='tile ftg-preload  '><a title=\"\" data-lightbox='ftg-3030' rel='ftg-3030'  class=' tile-inner  ftg-lightbox' href='https:\/\/www.ckis-ziemowit.pl\/wp-content\/uploads\/2026\/03\/zakonczenie-klph-20-1024x575.jpg' ><img alt='Zdj\u0119cie przedstawiaj\u0105ce zako\u0144czenie sezonu Kruszwickiej Ligii Pi\u0142ki Halowej' class='item skip-lazy' data-class='item' data-ftg-source='https:\/\/www.ckis-ziemowit.pl\/wp-content\/uploads\/2026\/03\/zakonczenie-klph-20-1024x575.jpg' src='https:\/\/www.ckis-ziemowit.pl\/wp-content\/uploads\/2026\/03\/zakonczenie-klph-20-1024x575.jpg' width='1024' height='575' \/><\/a><div class='ftg-social'><\/div><\/div><div  class='tile ftg-preload  '><a title=\"\" data-lightbox='ftg-3030' rel='ftg-3030'  class=' tile-inner  ftg-lightbox' href='https:\/\/www.ckis-ziemowit.pl\/wp-content\/uploads\/2026\/03\/zakonczenie-klph-19-1024x565.jpg' ><img alt='' class='item skip-lazy' data-class='item' data-ftg-source='https:\/\/www.ckis-ziemowit.pl\/wp-content\/uploads\/2026\/03\/zakonczenie-klph-19-1024x565.jpg' src='https:\/\/www.ckis-ziemowit.pl\/wp-content\/uploads\/2026\/03\/zakonczenie-klph-19-1024x565.jpg' width='1024' height='565' \/><\/a><div class='ftg-social'><\/div><\/div><div  class='tile ftg-preload  '><a title=\"\" data-lightbox='ftg-3030' rel='ftg-3030'  class=' tile-inner  ftg-lightbox' href='https:\/\/www.ckis-ziemowit.pl\/wp-content\/uploads\/2026\/03\/zakonczenie-klph-18-1024x584.jpg' ><img alt='Zdj\u0119cie przedstawiaj\u0105ce zako\u0144czenie sezonu Kruszwickiej Ligii Pi\u0142ki Halowej' class='item skip-lazy' data-class='item' data-ftg-source='https:\/\/www.ckis-ziemowit.pl\/wp-content\/uploads\/2026\/03\/zakonczenie-klph-18-1024x584.jpg' src='https:\/\/www.ckis-ziemowit.pl\/wp-content\/uploads\/2026\/03\/zakonczenie-klph-18-1024x584.jpg' width='1024' height='584' \/><\/a><div class='ftg-social'><\/div><\/div><div  class='tile ftg-preload  '><a title=\"\" data-lightbox='ftg-3030' rel='ftg-3030'  class=' tile-inner  ftg-lightbox' href='https:\/\/www.ckis-ziemowit.pl\/wp-content\/uploads\/2026\/03\/zakonczenie-klph-17-1024x564.jpg' ><img alt='Zdj\u0119cie przedstawiaj\u0105ce zako\u0144czenie sezonu Kruszwickiej Ligii Pi\u0142ki Halowej' class='item skip-lazy' data-class='item' data-ftg-source='https:\/\/www.ckis-ziemowit.pl\/wp-content\/uploads\/2026\/03\/zakonczenie-klph-17-1024x564.jpg' src='https:\/\/www.ckis-ziemowit.pl\/wp-content\/uploads\/2026\/03\/zakonczenie-klph-17-1024x564.jpg' width='1024' height='564' \/><\/a><div class='ftg-social'><\/div><\/div><div  class='tile ftg-preload  '><a title=\"\" data-lightbox='ftg-3030' rel='ftg-3030'  class=' tile-inner  ftg-lightbox' href='https:\/\/www.ckis-ziemowit.pl\/wp-content\/uploads\/2026\/03\/zakonczenie-klph-16-1024x620.jpg' ><img alt='Zdj\u0119cie przedstawiaj\u0105ce zako\u0144czenie sezonu Kruszwickiej Ligii Pi\u0142ki Halowej' class='item skip-lazy' data-class='item' data-ftg-source='https:\/\/www.ckis-ziemowit.pl\/wp-content\/uploads\/2026\/03\/zakonczenie-klph-16-1024x620.jpg' src='https:\/\/www.ckis-ziemowit.pl\/wp-content\/uploads\/2026\/03\/zakonczenie-klph-16-1024x620.jpg' width='1024' height='620' \/><\/a><div class='ftg-social'><\/div><\/div><div  class='tile ftg-preload  '><a title=\"\" data-lightbox='ftg-3030' rel='ftg-3030'  class=' tile-inner  ftg-lightbox' href='https:\/\/www.ckis-ziemowit.pl\/wp-content\/uploads\/2026\/03\/zakonczenie-klph-15-1024x579.jpg' ><img alt='Zdj\u0119cie przedstawiaj\u0105ce zako\u0144czenie sezonu Kruszwickiej Ligii Pi\u0142ki Halowej' class='item skip-lazy' data-class='item' data-ftg-source='https:\/\/www.ckis-ziemowit.pl\/wp-content\/uploads\/2026\/03\/zakonczenie-klph-15-1024x579.jpg' src='https:\/\/www.ckis-ziemowit.pl\/wp-content\/uploads\/2026\/03\/zakonczenie-klph-15-1024x579.jpg' width='1024' height='579' \/><\/a><div class='ftg-social'><\/div><\/div><div  class='tile ftg-preload  '><a title=\"\" data-lightbox='ftg-3030' rel='ftg-3030'  class=' tile-inner  ftg-lightbox' href='https:\/\/www.ckis-ziemowit.pl\/wp-content\/uploads\/2026\/03\/zakonczenie-klph-14-1024x636.jpg' ><img alt='Zdj\u0119cie przedstawiaj\u0105ce zako\u0144czenie sezonu Kruszwickiej Ligii Pi\u0142ki Halowej' class='item skip-lazy' data-class='item' data-ftg-source='https:\/\/www.ckis-ziemowit.pl\/wp-content\/uploads\/2026\/03\/zakonczenie-klph-14-1024x636.jpg' src='https:\/\/www.ckis-ziemowit.pl\/wp-content\/uploads\/2026\/03\/zakonczenie-klph-14-1024x636.jpg' width='1024' height='636' \/><\/a><div class='ftg-social'><\/div><\/div><div  class='tile ftg-preload  '><a title=\"\" data-lightbox='ftg-3030' rel='ftg-3030'  class=' tile-inner  ftg-lightbox' href='https:\/\/www.ckis-ziemowit.pl\/wp-content\/uploads\/2026\/03\/zakonczenie-klph-13-1024x571.jpg' ><img alt='Zdj\u0119cie przedstawiaj\u0105ce zako\u0144czenie sezonu Kruszwickiej Ligii Pi\u0142ki Halowej' class='item skip-lazy' data-class='item' data-ftg-source='https:\/\/www.ckis-ziemowit.pl\/wp-content\/uploads\/2026\/03\/zakonczenie-klph-13-1024x571.jpg' src='https:\/\/www.ckis-ziemowit.pl\/wp-content\/uploads\/2026\/03\/zakonczenie-klph-13-1024x571.jpg' width='1024' height='571' \/><\/a><div class='ftg-social'><\/div><\/div><div  class='tile ftg-preload  '><a title=\"\" data-lightbox='ftg-3030' rel='ftg-3030'  class=' tile-inner  ftg-lightbox' href='https:\/\/www.ckis-ziemowit.pl\/wp-content\/uploads\/2026\/03\/zakonczenie-klph-12-1024x594.jpg' ><img alt='Zdj\u0119cie przedstawiaj\u0105ce zako\u0144czenie sezonu Kruszwickiej Ligii Pi\u0142ki Halowej' class='item skip-lazy' data-class='item' data-ftg-source='https:\/\/www.ckis-ziemowit.pl\/wp-content\/uploads\/2026\/03\/zakonczenie-klph-12-1024x594.jpg' src='https:\/\/www.ckis-ziemowit.pl\/wp-content\/uploads\/2026\/03\/zakonczenie-klph-12-1024x594.jpg' width='1024' height='594' \/><\/a><div class='ftg-social'><\/div><\/div><div  class='tile ftg-preload  '><a title=\"\" data-lightbox='ftg-3030' rel='ftg-3030'  class=' tile-inner  ftg-lightbox' href='https:\/\/www.ckis-ziemowit.pl\/wp-content\/uploads\/2026\/03\/zakonczenie-klph-11-1024x582.jpg' ><img alt='Zdj\u0119cie przedstawiaj\u0105ce zako\u0144czenie sezonu Kruszwickiej Ligii Pi\u0142ki Halowej' class='item skip-lazy' data-class='item' data-ftg-source='https:\/\/www.ckis-ziemowit.pl\/wp-content\/uploads\/2026\/03\/zakonczenie-klph-11-1024x582.jpg' src='https:\/\/www.ckis-ziemowit.pl\/wp-content\/uploads\/2026\/03\/zakonczenie-klph-11-1024x582.jpg' width='1024' height='582' \/><\/a><div class='ftg-social'><\/div><\/div><div  class='tile ftg-preload  '><a title=\"\" data-lightbox='ftg-3030' rel='ftg-3030'  class=' tile-inner  ftg-lightbox' href='https:\/\/www.ckis-ziemowit.pl\/wp-content\/uploads\/2026\/03\/zakonczenie-klph-10-1024x462.jpg' ><img alt='Zdj\u0119cie przedstawiaj\u0105ce zako\u0144czenie sezonu Kruszwickiej Ligii Pi\u0142ki Halowej' class='item skip-lazy' data-class='item' data-ftg-source='https:\/\/www.ckis-ziemowit.pl\/wp-content\/uploads\/2026\/03\/zakonczenie-klph-10-1024x462.jpg' src='https:\/\/www.ckis-ziemowit.pl\/wp-content\/uploads\/2026\/03\/zakonczenie-klph-10-1024x462.jpg' width='1024' height='462' \/><\/a><div class='ftg-social'><\/div><\/div><div  class='tile ftg-preload  '><a title=\"\" data-lightbox='ftg-3030' rel='ftg-3030'  class=' tile-inner  ftg-lightbox' href='https:\/\/www.ckis-ziemowit.pl\/wp-content\/uploads\/2026\/03\/zakonczenie-klph-9-1024x462.jpg' ><img alt='Zdj\u0119cie przedstawiaj\u0105ce zako\u0144czenie sezonu Kruszwickiej Ligii Pi\u0142ki Halowej' class='item skip-lazy' data-class='item' data-ftg-source='https:\/\/www.ckis-ziemowit.pl\/wp-content\/uploads\/2026\/03\/zakonczenie-klph-9-1024x462.jpg' src='https:\/\/www.ckis-ziemowit.pl\/wp-content\/uploads\/2026\/03\/zakonczenie-klph-9-1024x462.jpg' width='1024' height='462' \/><\/a><div class='ftg-social'><\/div><\/div><div  class='tile ftg-preload  '><a title=\"\" data-lightbox='ftg-3030' rel='ftg-3030'  class=' tile-inner  ftg-lightbox' href='https:\/\/www.ckis-ziemowit.pl\/wp-content\/uploads\/2026\/03\/zakonczenie-klph-8-1024x462.jpg' ><img alt='Zdj\u0119cie przedstawiaj\u0105ce zako\u0144czenie sezonu Kruszwickiej Ligii Pi\u0142ki Halowej' class='item skip-lazy' data-class='item' data-ftg-source='https:\/\/www.ckis-ziemowit.pl\/wp-content\/uploads\/2026\/03\/zakonczenie-klph-8-1024x462.jpg' src='https:\/\/www.ckis-ziemowit.pl\/wp-content\/uploads\/2026\/03\/zakonczenie-klph-8-1024x462.jpg' width='1024' height='462' \/><\/a><div class='ftg-social'><\/div><\/div><div  class='tile ftg-preload  '><a title=\"\" data-lightbox='ftg-3030' rel='ftg-3030'  class=' tile-inner  ftg-lightbox' href='https:\/\/www.ckis-ziemowit.pl\/wp-content\/uploads\/2026\/03\/zakonczenie-klph-7-1024x462.jpg' ><img alt='Zdj\u0119cie przedstawiaj\u0105ce zako\u0144czenie sezonu Kruszwickiej Ligii Pi\u0142ki Halowej' class='item skip-lazy' data-class='item' data-ftg-source='https:\/\/www.ckis-ziemowit.pl\/wp-content\/uploads\/2026\/03\/zakonczenie-klph-7-1024x462.jpg' src='https:\/\/www.ckis-ziemowit.pl\/wp-content\/uploads\/2026\/03\/zakonczenie-klph-7-1024x462.jpg' width='1024' height='462' \/><\/a><div class='ftg-social'><\/div><\/div><div  class='tile ftg-preload  '><a title=\"\" data-lightbox='ftg-3030' rel='ftg-3030'  class=' tile-inner  ftg-lightbox' href='https:\/\/www.ckis-ziemowit.pl\/wp-content\/uploads\/2026\/03\/zakonczenie-klph-6-1024x648.jpg' ><img alt='Zdj\u0119cie przedstawiaj\u0105ce zako\u0144czenie sezonu Kruszwickiej Ligii Pi\u0142ki Halowej' class='item skip-lazy' data-class='item' data-ftg-source='https:\/\/www.ckis-ziemowit.pl\/wp-content\/uploads\/2026\/03\/zakonczenie-klph-6-1024x648.jpg' src='https:\/\/www.ckis-ziemowit.pl\/wp-content\/uploads\/2026\/03\/zakonczenie-klph-6-1024x648.jpg' width='1024' height='648' \/><\/a><div class='ftg-social'><\/div><\/div><div  class='tile ftg-preload  '><a title=\"\" data-lightbox='ftg-3030' rel='ftg-3030'  class=' tile-inner  ftg-lightbox' href='https:\/\/www.ckis-ziemowit.pl\/wp-content\/uploads\/2026\/03\/zakonczenie-klph-5-1024x462.jpg' ><img alt='Zdj\u0119cie przedstawiaj\u0105ce zako\u0144czenie sezonu Kruszwickiej Ligii Pi\u0142ki Halowej' class='item skip-lazy' data-class='item' data-ftg-source='https:\/\/www.ckis-ziemowit.pl\/wp-content\/uploads\/2026\/03\/zakonczenie-klph-5-1024x462.jpg' src='https:\/\/www.ckis-ziemowit.pl\/wp-content\/uploads\/2026\/03\/zakonczenie-klph-5-1024x462.jpg' width='1024' height='462' \/><\/a><div class='ftg-social'><\/div><\/div><div  class='tile ftg-preload  '><a title=\"\" data-lightbox='ftg-3030' rel='ftg-3030'  class=' tile-inner  ftg-lightbox' href='https:\/\/www.ckis-ziemowit.pl\/wp-content\/uploads\/2026\/03\/zakonczenie-klph-4-1024x462.jpg' ><img alt='Zdj\u0119cie przedstawiaj\u0105ce zako\u0144czenie sezonu Kruszwickiej Ligii Pi\u0142ki Halowej' class='item skip-lazy' data-class='item' data-ftg-source='https:\/\/www.ckis-ziemowit.pl\/wp-content\/uploads\/2026\/03\/zakonczenie-klph-4-1024x462.jpg' src='https:\/\/www.ckis-ziemowit.pl\/wp-content\/uploads\/2026\/03\/zakonczenie-klph-4-1024x462.jpg' width='1024' height='462' \/><\/a><div class='ftg-social'><\/div><\/div><div  class='tile ftg-preload  '><a title=\"\" data-lightbox='ftg-3030' rel='ftg-3030'  class=' tile-inner  ftg-lightbox' href='https:\/\/www.ckis-ziemowit.pl\/wp-content\/uploads\/2026\/03\/zakonczenie-klph-3-1024x462.jpg' ><img alt='Zdj\u0119cie przedstawiaj\u0105ce zako\u0144czenie sezonu Kruszwickiej Ligii Pi\u0142ki Halowej' class='item skip-lazy' data-class='item' data-ftg-source='https:\/\/www.ckis-ziemowit.pl\/wp-content\/uploads\/2026\/03\/zakonczenie-klph-3-1024x462.jpg' src='https:\/\/www.ckis-ziemowit.pl\/wp-content\/uploads\/2026\/03\/zakonczenie-klph-3-1024x462.jpg' width='1024' height='462' \/><\/a><div class='ftg-social'><\/div><\/div><div  class='tile ftg-preload  '><a title=\"\" data-lightbox='ftg-3030' rel='ftg-3030'  class=' tile-inner  ftg-lightbox' href='https:\/\/www.ckis-ziemowit.pl\/wp-content\/uploads\/2026\/03\/zakonczenie-klph-2-1024x371.jpg' ><img alt='Zdj\u0119cie przedstawiaj\u0105ce zako\u0144czenie sezonu Kruszwickiej Ligii Pi\u0142ki Halowej' class='item skip-lazy' data-class='item' data-ftg-source='https:\/\/www.ckis-ziemowit.pl\/wp-content\/uploads\/2026\/03\/zakonczenie-klph-2-1024x371.jpg' src='https:\/\/www.ckis-ziemowit.pl\/wp-content\/uploads\/2026\/03\/zakonczenie-klph-2-1024x371.jpg' width='1024' height='371' \/><\/a><div class='ftg-social'><\/div><\/div><div  class='tile ftg-preload  '><a title=\"\" data-lightbox='ftg-3030' rel='ftg-3030'  class=' tile-inner  ftg-lightbox' href='https:\/\/www.ckis-ziemowit.pl\/wp-content\/uploads\/2026\/03\/zakonczenie-klph-1-1024x650.jpg' ><img alt='Zdj\u0119cie przedstawiaj\u0105ce zako\u0144czenie sezonu Kruszwickiej Ligii Pi\u0142ki Halowej' class='item skip-lazy' data-class='item' data-ftg-source='https:\/\/www.ckis-ziemowit.pl\/wp-content\/uploads\/2026\/03\/zakonczenie-klph-1-1024x650.jpg' src='https:\/\/www.ckis-ziemowit.pl\/wp-content\/uploads\/2026\/03\/zakonczenie-klph-1-1024x650.jpg' width='1024' height='650' \/><\/a><div class='ftg-social'><\/div><\/div><\/div><\/div><\/p>\n","protected":false},"excerpt":{"rendered":"<p>Na hali sportowej na Zagoplu odby\u0142o si\u0119 uroczyste wr\u0119czenie puchar\u00f3w dla dru\u017cyn oraz nagr\u00f3d indywidualnych dla wyr\u00f3\u017cniaj\u0105cych si\u0119 zawodnik\u00f3w. W Lidze uczestniczy\u0142o 184 zawodnik\u00f3w graj\u0105cych w 11-tu dru\u017cynach (o dwie wi\u0119cej ni\u017c w poprzednim sezonie),&#x1f947; Mistrzem ligi zostali Obro\u0144cy Tytu\u0142u.&#x1f948; Drugie miejsce zaj\u0119\u0142a dru\u017cyna Fabryki Wag Kalisto.&#x1f949; Na trzecim miejscu uplasowa\u0142 si\u0119 zesp\u00f3\u0142 Smakoszy.Ponadto najlepszym [&hellip;]<\/p>\n","protected":false},"author":1,"featured_media":4403,"comment_status":"open","ping_status":"open","sticky":false,"template":"","format":"standard","meta":{"footnotes":""},"categories":[5],"tags":[],"class_list":{"0":"post-4401","1":"post","2":"type-post","3":"status-publish","4":"format-standard","5":"has-post-thumbnail","7":"category-wydarzenia","8":"czr-hentry"},"_links":{"self":[{"href":"https:\/\/www.ckis-ziemowit.pl\/index.php\/wp-json\/wp\/v2\/posts\/4401","targetHints":{"allow":["GET"]}}],"collection":[{"href":"https:\/\/www.ckis-ziemowit.pl\/index.php\/wp-json\/wp\/v2\/posts"}],"about":[{"href":"https:\/\/www.ckis-ziemowit.pl\/index.php\/wp-json\/wp\/v2\/types\/post"}],"author":[{"embeddable":true,"href":"https:\/\/www.ckis-ziemowit.pl\/index.php\/wp-json\/wp\/v2\/users\/1"}],"replies":[{"embeddable":true,"href":"https:\/\/www.ckis-ziemowit.pl\/index.php\/wp-json\/wp\/v2\/comments?post=4401"}],"version-history":[{"count":1,"href":"https:\/\/www.ckis-ziemowit.pl\/index.php\/wp-json\/wp\/v2\/posts\/4401\/revisions"}],"predecessor-version":[{"id":4423,"href":"https:\/\/www.ckis-ziemowit.pl\/index.php\/wp-json\/wp\/v2\/posts\/4401\/revisions\/4423"}],"wp:featuredmedia":[{"embeddable":true,"href":"https:\/\/www.ckis-ziemowit.pl\/index.php\/wp-json\/wp\/v2\/media\/4403"}],"wp:attachment":[{"href":"https:\/\/www.ckis-ziemowit.pl\/index.php\/wp-json\/wp\/v2\/media?parent=4401"}],"wp:term":[{"taxonomy":"category","embeddable":true,"href":"https:\/\/www.ckis-ziemowit.pl\/index.php\/wp-json\/wp\/v2\/categories?post=4401"},{"taxonomy":"post_tag","embeddable":true,"href":"https:\/\/www.ckis-ziemowit.pl\/index.php\/wp-json\/wp\/v2\/tags?post=4401"}],"curies":[{"name":"wp","href":"https:\/\/api.w.org\/{rel}","templated":true}]}}